{"id":572,"date":"2025-04-13T10:37:58","date_gmt":"2025-04-13T08:37:58","guid":{"rendered":"http:\/\/cg-mossautal.de\/?p=572"},"modified":"2025-04-13T10:38:43","modified_gmt":"2025-04-13T08:38:43","slug":"stimmbildungsseminar-am-29-maerz-2025-in-heiligkreuzsteinach","status":"publish","type":"post","link":"http:\/\/cg-mossautal.de\/?p=572","title":{"rendered":"Stimmbildungsseminar am 29. M\u00e4rz 2025 in Heiligkreuzsteinach"},"content":{"rendered":"\n<p>Auf Anregung unseres S\u00e4ngers Adolf Schork besuchten 7 Chormitglieder der \u201eChorgemeinschaft Mossautal 1912\u201c die von Stephan Hoffmann durchgef\u00fchrte Veranstaltung mit ca. 80 Teilnehmerinnen und Teilnehmern aus verschiedenen Ch\u00f6ren.&nbsp;<\/p>\n\n\n\n<p>Stephan Hoffmann ist Dozent an der Musikhochschule Karlsruhe. Er versuchte, im f\u00fcnfst\u00fcndigen Seminar den S\u00e4nger*innen aufzuzeigen, wie wichtig das Zusammenspiel zwischen Muskulatur, Atmung und Haltung ist, um klangvolle T\u00f6ne erzeugen zu k\u00f6nnen. Ein besonderer Schwerpunkt lag auf der richtigen Atmung und der Aktivierung und des Lockerlassens von Muskeln beim Singen.&nbsp;<\/p>\n\n\n\n<p>Mit verschiedenen \u00dcbungen zeigte er den Teilnehmer*innen, welche Haltung und Atemtechnik sie ben\u00f6tigen, um ihre Stimme richtig und gesund einzusetzen und erl\u00e4uterte gleichzeitig, was dabei im K\u00f6rper passiert. Die \u00dcbungen sensibilisierten so auch die Wahrnehmung f\u00fcr den eigenen K\u00f6rper. Auch empfahl er allen, die gezeigten \u00dcbungen im Alltag zu wiederholen, um so den positiven Einfl\u00fcssen nachhaltig Wirkung zu verleihen.&nbsp;<\/p>\n\n\n\n<p>Hoffmanns Leitspruch <strong>\u201eDen m\u00f6glichst besten Ton mit m\u00f6glichst geringem Aufwand erzeugen\u201c<\/strong> zog sich als roter Faden durch alle K\u00f6rper -Bewegungs- und Stimm\u00fcbungen. Alle war bei den Stimm\u00fcbungen doch sehr \u00fcberrascht welche Reserven noch in einem vorhanden sind, wenn man die oben angef\u00fchrten Lehrinhalte richtig anwendet.<\/p>\n\n\n\n<p>Danke an Stephan Hoffmann f\u00fcr die sehr lehrreiche, interessante und auch humorvolle Veranstaltung.<\/p>\n","protected":false},"excerpt":{"rendered":"<p>Auf Anregung unseres S\u00e4ngers Adolf Schork besuchten 7 Chormitglieder der \u201eChorgemeinschaft Mossautal 1912\u201c die von Stephan Hoffmann durchgef\u00fchrte Veranstaltung mit ca. 80 Teilnehmerinnen und Teilnehmern aus verschiedenen Ch\u00f6ren.&nbsp; Stephan Hoffmann&#8230; <a class=\"read-more-link\" href=\"http:\/\/cg-mossautal.de\/?p=572\">Read more &raquo;<\/a><\/p>\n","protected":false},"author":1,"featured_media":0,"comment_status":"closed","ping_status":"open","sticky":false,"template":"","format":"standard","meta":{"footnotes":""},"categories":[5],"tags":[],"class_list":["post-572","post","type-post","status-publish","format-standard","hentry","category-infos"],"_links":{"self":[{"href":"http:\/\/cg-mossautal.de\/index.php?rest_route=\/wp\/v2\/posts\/572","targetHints":{"allow":["GET"]}}],"collection":[{"href":"http:\/\/cg-mossautal.de\/index.php?rest_route=\/wp\/v2\/posts"}],"about":[{"href":"http:\/\/cg-mossautal.de\/index.php?rest_route=\/wp\/v2\/types\/post"}],"author":[{"embeddable":true,"href":"http:\/\/cg-mossautal.de\/index.php?rest_route=\/wp\/v2\/users\/1"}],"replies":[{"embeddable":true,"href":"http:\/\/cg-mossautal.de\/index.php?rest_route=%2Fwp%2Fv2%2Fcomments&post=572"}],"version-history":[{"count":1,"href":"http:\/\/cg-mossautal.de\/index.php?rest_route=\/wp\/v2\/posts\/572\/revisions"}],"predecessor-version":[{"id":573,"href":"http:\/\/cg-mossautal.de\/index.php?rest_route=\/wp\/v2\/posts\/572\/revisions\/573"}],"wp:attachment":[{"href":"http:\/\/cg-mossautal.de\/index.php?rest_route=%2Fwp%2Fv2%2Fmedia&parent=572"}],"wp:term":[{"taxonomy":"category","embeddable":true,"href":"http:\/\/cg-mossautal.de\/index.php?rest_route=%2Fwp%2Fv2%2Fcategories&post=572"},{"taxonomy":"post_tag","embeddable":true,"href":"http:\/\/cg-mossautal.de\/index.php?rest_route=%2Fwp%2Fv2%2Ftags&post=572"}],"curies":[{"name":"wp","href":"https:\/\/api.w.org\/{rel}","templated":true}]}}