{"id":574,"date":"2025-04-13T10:52:45","date_gmt":"2025-04-13T08:52:45","guid":{"rendered":"http:\/\/cg-mossautal.de\/?p=574"},"modified":"2025-04-14T17:41:39","modified_gmt":"2025-04-14T15:41:39","slug":"jahreshauptversammlung-2025","status":"publish","type":"post","link":"http:\/\/cg-mossautal.de\/?p=574","title":{"rendered":"Jahreshauptversammlung 2025"},"content":{"rendered":"\n<p><strong>Gutes Jahr f\u00fcr die Chorgemeinschaft Mossautal 1912<\/strong><\/p>\n\n\n\n<p>Die Chorgemeinschaft Mossautal blickte bei ihrer Jahresversammlung auf ein erfolgreiches Jahr zur\u00fcck. Neben musikalischen H\u00f6hepunkten, geselligen Aktivit\u00e4ten und finanziellen Erfolgen standen auch personelle Ver\u00e4nderungen im Mittelpunkt.<\/p>\n\n\n\n<p>Die S\u00e4nger haben 2024 viel unternommen, nun werden verdiente Mitglieder geehrt und ein neuer Vorstand gew\u00e4hlt. Hohe Ehrungen erhalten die verdienten Mitglieder (von links) Wilhelm Kredel (40 Jahre), Hans Schwinn (65 Jahre) und J\u00fcrgen Brack (40 Jahre).<\/p>\n\n\n\n<p>Reinhard K\u00fcbler lie\u00df in seinem Bericht das vergangene Jahr Revue passieren. Derzeit z\u00e4hlt die Chorgemeinschaft 41 aktive S\u00e4ngerinnen und S\u00e4nger in M\u00e4nner-, Frauen- und Gemischtem Chor sowie 43 f\u00f6rdernde Mitglieder. Zu den musikalischen H\u00f6hepunkten geh\u00f6rten Auftritte beim Dreieinigkeitssonntag in der Ober-Mossauer Kirche, Geburtstagsst\u00e4ndchen, das Wirtshaussingen im Hofcaf\u00e9 \u201eIm Griene\u201c sowie Konzerte in Erbach, H\u00f6chst und das gemeinsame Weihnachtskonzert \u201eWei\u00dfer Winterwald\u201c mit dem Kirchenchor aus Hummetroth.<\/p>\n\n\n\n<p>Auch abseits der Musik war einiges los, so nahmen die S\u00e4nger am Umzug der Salatkerb teil, veranstalteten eine mehrt\u00e4gige Vereinsfahrt nach Prag und richteten die beliebte Oldie-Night mit Tanzkapelle aus. Zudem empfingen sie den Nikolaus, der die Mossauer Kinder beschenkte. Kassenwart Karl Ebert konnte erfreuliche Zahlen pr\u00e4sentieren, denn Dank einer Beitragserh\u00f6hung, gro\u00dfz\u00fcgiger Spenden und der erfolgreichen Oldie-Night verzeichnete der Verein ein positives Jahresergebnis. Somit ist ein kleines finanzielles Polster f\u00fcr kommende Projekte vorhanden.&nbsp;<\/p>\n\n\n\n<p>Hohe Ehrungen wurden an verdiente Mitglieder vergeben, so wurden Wilhelm Kredel und J\u00fcrgen Brack f\u00fcr 40 Jahre Mitgliedschaft geehrt, Hans Schwinn sogar f\u00fcr 65 Jahre. Joannis Simos erhielt eine Auszeichnung f\u00fcr 20 Jahre aktives Singen, Alexandra Ebert f\u00fcr ein Jahrzehnt. Die Vorsitzende des Kreis-Chorverbandes, Britta Ziefle, \u00fcberreichte J\u00fcrgen Brack f\u00fcr sein jahrzehntelanges Wirken zudem eine Urkunde ihrer Organisation samt Ehrennadel des Hessischen S\u00e4ngerbundes.<\/p>\n\n\n\n<figure class=\"wp-block-image size-large\"><img loading=\"lazy\" decoding=\"async\" width=\"1024\" height=\"700\" src=\"http:\/\/cg-mossautal.de\/wp-content\/uploads\/2025\/04\/jhv1-1024x700.jpg\" alt=\"\" class=\"wp-image-575\" srcset=\"http:\/\/cg-mossautal.de\/wp-content\/uploads\/2025\/04\/jhv1-1024x700.jpg 1024w, http:\/\/cg-mossautal.de\/wp-content\/uploads\/2025\/04\/jhv1-300x205.jpg 300w, http:\/\/cg-mossautal.de\/wp-content\/uploads\/2025\/04\/jhv1-768x525.jpg 768w, http:\/\/cg-mossautal.de\/wp-content\/uploads\/2025\/04\/jhv1.jpg 1077w\" sizes=\"auto, (max-width: 1024px) 100vw, 1024px\" \/><\/figure>\n\n\n\n<p>Bei den anschlie\u00dfenden Vorstandswahlen, bei denen einhellige Zustimmung herrschte, wurde Reinhard K\u00fcbler als Vorsitzender best\u00e4tigt, ebenfalls seine Stellvertreterin Bettina Arras. Karl Ebert f\u00fchrt weiterhin die Kasse, Susanne Eberhardt bleibt Schriftf\u00fchrerin. Als Beisitzer wurden Sylvia Sch\u00e4fer, Dieter Weyrauch-Biller und Kurt Kreuzer wiedergew\u00e4hlt, neu hinzugekommen ist Dagmar Rippert f\u00fcr die ausgeschiedene Andrea Muhn.<\/p>\n\n\n\n<p>In Planung ist ein erneutes Wirtshaussingen, zudem m\u00f6chten die S\u00e4nger unter anderem einen Tagesausflug nach Heidelberg unternehmen. \u201eNeue Stimmen sind bei uns immer willkommen\u201c, so K\u00fcblers Aufruf an alle Gesangsinteressierten.<\/p>\n\n\n\n<p class=\"has-text-align-right\">&nbsp;Bericht (Auszug) und Foto: Dieter Berlieb<\/p>\n\n\n\n<p><\/p>\n\n\n\n<figure class=\"wp-block-image size-large\"><img loading=\"lazy\" decoding=\"async\" width=\"1024\" height=\"768\" src=\"http:\/\/cg-mossautal.de\/wp-content\/uploads\/2025\/04\/JHV2-1024x768.jpg\" alt=\"\" class=\"wp-image-576\" srcset=\"http:\/\/cg-mossautal.de\/wp-content\/uploads\/2025\/04\/JHV2-1024x768.jpg 1024w, http:\/\/cg-mossautal.de\/wp-content\/uploads\/2025\/04\/JHV2-300x225.jpg 300w, http:\/\/cg-mossautal.de\/wp-content\/uploads\/2025\/04\/JHV2-768x576.jpg 768w, http:\/\/cg-mossautal.de\/wp-content\/uploads\/2025\/04\/JHV2-1536x1152.jpg 1536w, http:\/\/cg-mossautal.de\/wp-content\/uploads\/2025\/04\/JHV2-576x432.jpg 576w, http:\/\/cg-mossautal.de\/wp-content\/uploads\/2025\/04\/JHV2.jpg 1600w\" sizes=\"auto, (max-width: 1024px) 100vw, 1024px\" \/><\/figure>\n\n\n\n<p>Nachtr\u00e4gliche Ehrung durch den Kreischorverband Odenwald, vorgenommen durch die Vorsitzende Britta Ziefle, von J\u00fcrgen Brack f\u00fcr 40 Jahre aktives Singen.<\/p>\n\n\n\n<p>Dietmar Bareis, B\u00fcrgermeister der Gemeinde Mossautal, Britta Ziefle, Vorsitzende Kreischorverband Odenwald, J\u00fcrgen Brack, Jubilar und Reinhard K\u00fcbler, 1. Vorsitzender der Chorgemeinschaft 1912 Mossautal (v.l.)<\/p>\n\n\n\n<figure class=\"wp-block-image size-large\"><img loading=\"lazy\" decoding=\"async\" width=\"768\" height=\"1024\" src=\"http:\/\/cg-mossautal.de\/wp-content\/uploads\/2025\/04\/jhv3-768x1024.jpg\" alt=\"\" class=\"wp-image-577\" srcset=\"http:\/\/cg-mossautal.de\/wp-content\/uploads\/2025\/04\/jhv3-768x1024.jpg 768w, http:\/\/cg-mossautal.de\/wp-content\/uploads\/2025\/04\/jhv3-225x300.jpg 225w, http:\/\/cg-mossautal.de\/wp-content\/uploads\/2025\/04\/jhv3-1152x1536.jpg 1152w, http:\/\/cg-mossautal.de\/wp-content\/uploads\/2025\/04\/jhv3.jpg 1200w\" sizes=\"auto, (max-width: 768px) 100vw, 768px\" \/><\/figure>\n\n\n\n<p>Ehrung Alexandra Ebert f\u00fcr 10 Jahre aktives Singen in der Chorgemeinschaft Mossautal 1912<\/p>\n\n\n\n<figure class=\"wp-block-image size-large\"><img loading=\"lazy\" decoding=\"async\" width=\"768\" height=\"1024\" src=\"http:\/\/cg-mossautal.de\/wp-content\/uploads\/2025\/04\/JHV4-768x1024.jpg\" alt=\"\" class=\"wp-image-578\" srcset=\"http:\/\/cg-mossautal.de\/wp-content\/uploads\/2025\/04\/JHV4-768x1024.jpg 768w, http:\/\/cg-mossautal.de\/wp-content\/uploads\/2025\/04\/JHV4-225x300.jpg 225w, http:\/\/cg-mossautal.de\/wp-content\/uploads\/2025\/04\/JHV4-1152x1536.jpg 1152w, http:\/\/cg-mossautal.de\/wp-content\/uploads\/2025\/04\/JHV4.jpg 1200w\" sizes=\"auto, (max-width: 768px) 100vw, 768px\" \/><\/figure>\n\n\n\n<p>Ehrung Joannis Simos f\u00fcr 20 Jahre aktives Singen in der Chorgemeinschaft Mossautal 1912<br><\/p>\n\n\n\n<figure class=\"wp-block-image size-large\"><img loading=\"lazy\" decoding=\"async\" width=\"768\" height=\"1024\" src=\"http:\/\/cg-mossautal.de\/wp-content\/uploads\/2025\/04\/jhv5-768x1024.jpg\" alt=\"\" class=\"wp-image-581\" srcset=\"http:\/\/cg-mossautal.de\/wp-content\/uploads\/2025\/04\/jhv5-768x1024.jpg 768w, http:\/\/cg-mossautal.de\/wp-content\/uploads\/2025\/04\/jhv5-225x300.jpg 225w, http:\/\/cg-mossautal.de\/wp-content\/uploads\/2025\/04\/jhv5-1152x1536.jpg 1152w, http:\/\/cg-mossautal.de\/wp-content\/uploads\/2025\/04\/jhv5.jpg 1200w\" sizes=\"auto, (max-width: 768px) 100vw, 768px\" \/><\/figure>\n\n\n\n<p>Ehrung Wilhelm Kredel f\u00fcr 40 Jahre aktives Singen in der Chorgemeinschaft Mossautal 1912 und zuvor im Gesangverein von Steinbuch&nbsp;<\/p>\n\n\n\n<figure class=\"wp-block-image size-large is-resized\"><img loading=\"lazy\" decoding=\"async\" width=\"768\" height=\"1024\" src=\"http:\/\/cg-mossautal.de\/wp-content\/uploads\/2025\/04\/jhv6-768x1024.jpg\" alt=\"\" class=\"wp-image-582\" style=\"width:850px;height:auto\" srcset=\"http:\/\/cg-mossautal.de\/wp-content\/uploads\/2025\/04\/jhv6-768x1024.jpg 768w, http:\/\/cg-mossautal.de\/wp-content\/uploads\/2025\/04\/jhv6-225x300.jpg 225w, http:\/\/cg-mossautal.de\/wp-content\/uploads\/2025\/04\/jhv6-1152x1536.jpg 1152w, http:\/\/cg-mossautal.de\/wp-content\/uploads\/2025\/04\/jhv6.jpg 1200w\" sizes=\"auto, (max-width: 768px) 100vw, 768px\" \/><\/figure>\n\n\n\n<p>Ehrung Hans Schwinn f\u00fcr 65 Jahre aktives Singen in der Chorgemeinschaft Mossautal 1912 und zuvor im Gesangverein von Erbach-Erlenbach.<\/p>\n\n\n\n<figure class=\"wp-block-image size-large\"><img loading=\"lazy\" decoding=\"async\" width=\"1024\" height=\"768\" src=\"http:\/\/cg-mossautal.de\/wp-content\/uploads\/2025\/04\/JHV7-1024x768.jpg\" alt=\"\" class=\"wp-image-583\" srcset=\"http:\/\/cg-mossautal.de\/wp-content\/uploads\/2025\/04\/JHV7-1024x768.jpg 1024w, http:\/\/cg-mossautal.de\/wp-content\/uploads\/2025\/04\/JHV7-300x225.jpg 300w, http:\/\/cg-mossautal.de\/wp-content\/uploads\/2025\/04\/JHV7-768x576.jpg 768w, http:\/\/cg-mossautal.de\/wp-content\/uploads\/2025\/04\/JHV7-1536x1152.jpg 1536w, http:\/\/cg-mossautal.de\/wp-content\/uploads\/2025\/04\/JHV7-576x432.jpg 576w, http:\/\/cg-mossautal.de\/wp-content\/uploads\/2025\/04\/JHV7.jpg 1600w\" sizes=\"auto, (max-width: 1024px) 100vw, 1024px\" \/><\/figure>\n\n\n\n<p>Unsere eifrigsten Singstundenbesucher des vergangenen Jahres (v.l.):<\/p>\n\n\n\n<p>Christel K\u00fcbler, Edith Mader, Reinhard K\u00fcbler, Carolin De Meo und Hans Schwinn<\/p>\n","protected":false},"excerpt":{"rendered":"<p>Gutes Jahr f\u00fcr die Chorgemeinschaft Mossautal 1912 Die Chorgemeinschaft Mossautal blickte bei ihrer Jahresversammlung auf ein erfolgreiches Jahr zur\u00fcck. Neben musikalischen H\u00f6hepunkten, geselligen Aktivit\u00e4ten und finanziellen Erfolgen standen auch personelle&#8230; <a class=\"read-more-link\" href=\"http:\/\/cg-mossautal.de\/?p=574\">Read more &raquo;<\/a><\/p>\n","protected":false},"author":1,"featured_media":0,"comment_status":"closed","ping_status":"open","sticky":false,"template":"","format":"standard","meta":{"footnotes":""},"categories":[5],"tags":[],"class_list":["post-574","post","type-post","status-publish","format-standard","hentry","category-infos"],"_links":{"self":[{"href":"http:\/\/cg-mossautal.de\/index.php?rest_route=\/wp\/v2\/posts\/574","targetHints":{"allow":["GET"]}}],"collection":[{"href":"http:\/\/cg-mossautal.de\/index.php?rest_route=\/wp\/v2\/posts"}],"about":[{"href":"http:\/\/cg-mossautal.de\/index.php?rest_route=\/wp\/v2\/types\/post"}],"author":[{"embeddable":true,"href":"http:\/\/cg-mossautal.de\/index.php?rest_route=\/wp\/v2\/users\/1"}],"replies":[{"embeddable":true,"href":"http:\/\/cg-mossautal.de\/index.php?rest_route=%2Fwp%2Fv2%2Fcomments&post=574"}],"version-history":[{"count":5,"href":"http:\/\/cg-mossautal.de\/index.php?rest_route=\/wp\/v2\/posts\/574\/revisions"}],"predecessor-version":[{"id":593,"href":"http:\/\/cg-mossautal.de\/index.php?rest_route=\/wp\/v2\/posts\/574\/revisions\/593"}],"wp:attachment":[{"href":"http:\/\/cg-mossautal.de\/index.php?rest_route=%2Fwp%2Fv2%2Fmedia&parent=574"}],"wp:term":[{"taxonomy":"category","embeddable":true,"href":"http:\/\/cg-mossautal.de\/index.php?rest_route=%2Fwp%2Fv2%2Fcategories&post=574"},{"taxonomy":"post_tag","embeddable":true,"href":"http:\/\/cg-mossautal.de\/index.php?rest_route=%2Fwp%2Fv2%2Ftags&post=574"}],"curies":[{"name":"wp","href":"https:\/\/api.w.org\/{rel}","templated":true}]}}