{"id":609,"date":"2025-06-06T08:44:41","date_gmt":"2025-06-06T06:44:41","guid":{"rendered":"http:\/\/cg-mossautal.de\/?p=609"},"modified":"2025-06-06T08:44:42","modified_gmt":"2025-06-06T06:44:42","slug":"geburtstag","status":"publish","type":"post","link":"http:\/\/cg-mossautal.de\/?p=609","title":{"rendered":"Geburtstag"},"content":{"rendered":"\n<figure class=\"wp-block-image size-full\"><img loading=\"lazy\" decoding=\"async\" width=\"708\" height=\"690\" src=\"http:\/\/cg-mossautal.de\/wp-content\/uploads\/2025\/06\/Geburtstag.jpg\" alt=\"\" class=\"wp-image-610\" srcset=\"http:\/\/cg-mossautal.de\/wp-content\/uploads\/2025\/06\/Geburtstag.jpg 708w, http:\/\/cg-mossautal.de\/wp-content\/uploads\/2025\/06\/Geburtstag-300x292.jpg 300w\" sizes=\"auto, (max-width: 708px) 100vw, 708px\" \/><\/figure>\n\n\n\n<p>Am 29. Mai 2025 feierte unser S\u00e4nger G\u00fcnter Jung im Kreis seiner Familie, Freunden und Bekannten seinen 70. Geburtstag, zu der er auch alle Chormitglieder der Chorgemeinschaft Mossautal 1912 eingeladen hatte.<\/p>\n\n\n\n<p>G\u00fcnter ist schon seit ca. 30 Jahren aktiver S\u00e4nger als Tenor in der Chorgemeinschaft.&nbsp;<\/p>\n\n\n\n<p>Reinhard K\u00fcbler, Vorsitzender der Chorgemeinschaft, \u00fcberreichte neben den Gl\u00fcckw\u00fcnschen auch ein Pr\u00e4sent der Chorgemeinschaft.<\/p>\n\n\n\n<p>Der gemischte Chor mit \u00fcber 30 S\u00e4nger\/innen bedankte sich mit folgenden Liedbeitr\u00e4gen f\u00fcr die Einladung:<\/p>\n\n\n\n<p>\u201eMy Lord, what an morning\u201c,&nbsp; \u201eIhr von morgen\u201c und \u201eBenia calastoria\u201c<\/p>\n\n\n\n<p>In geselliger Runde wurde der Abend anschlie\u00dfend ausklingen lassen.<\/p>\n\n\n\n<p>Wir w\u00fcnschen G\u00fcnter weiterhin alles Gute, beste Gesundheit und dass er der Chorgemeinschaft noch lange erhalten bleibt.<\/p>\n","protected":false},"excerpt":{"rendered":"<p>Am 29. Mai 2025 feierte unser S\u00e4nger G\u00fcnter Jung im Kreis seiner Familie, Freunden und Bekannten seinen 70. Geburtstag, zu der er auch alle Chormitglieder der Chorgemeinschaft Mossautal 1912 eingeladen&#8230; <a class=\"read-more-link\" href=\"http:\/\/cg-mossautal.de\/?p=609\">Read more &raquo;<\/a><\/p>\n","protected":false},"author":1,"featured_media":0,"comment_status":"closed","ping_status":"closed","sticky":false,"template":"","format":"standard","meta":{"footnotes":""},"categories":[5],"tags":[],"class_list":["post-609","post","type-post","status-publish","format-standard","hentry","category-infos"],"_links":{"self":[{"href":"http:\/\/cg-mossautal.de\/index.php?rest_route=\/wp\/v2\/posts\/609","targetHints":{"allow":["GET"]}}],"collection":[{"href":"http:\/\/cg-mossautal.de\/index.php?rest_route=\/wp\/v2\/posts"}],"about":[{"href":"http:\/\/cg-mossautal.de\/index.php?rest_route=\/wp\/v2\/types\/post"}],"author":[{"embeddable":true,"href":"http:\/\/cg-mossautal.de\/index.php?rest_route=\/wp\/v2\/users\/1"}],"replies":[{"embeddable":true,"href":"http:\/\/cg-mossautal.de\/index.php?rest_route=%2Fwp%2Fv2%2Fcomments&post=609"}],"version-history":[{"count":1,"href":"http:\/\/cg-mossautal.de\/index.php?rest_route=\/wp\/v2\/posts\/609\/revisions"}],"predecessor-version":[{"id":611,"href":"http:\/\/cg-mossautal.de\/index.php?rest_route=\/wp\/v2\/posts\/609\/revisions\/611"}],"wp:attachment":[{"href":"http:\/\/cg-mossautal.de\/index.php?rest_route=%2Fwp%2Fv2%2Fmedia&parent=609"}],"wp:term":[{"taxonomy":"category","embeddable":true,"href":"http:\/\/cg-mossautal.de\/index.php?rest_route=%2Fwp%2Fv2%2Fcategories&post=609"},{"taxonomy":"post_tag","embeddable":true,"href":"http:\/\/cg-mossautal.de\/index.php?rest_route=%2Fwp%2Fv2%2Ftags&post=609"}],"curies":[{"name":"wp","href":"https:\/\/api.w.org\/{rel}","templated":true}]}}