{"id":613,"date":"2025-06-13T12:37:11","date_gmt":"2025-06-13T10:37:11","guid":{"rendered":"http:\/\/cg-mossautal.de\/?p=613"},"modified":"2025-06-13T12:37:13","modified_gmt":"2025-06-13T10:37:13","slug":"nachlese-zum-projektchor-2024","status":"publish","type":"post","link":"http:\/\/cg-mossautal.de\/?p=613","title":{"rendered":"Nachlese zum Projektchor 2024"},"content":{"rendered":"\n<p>Erfreulicherweise konnten wir aus diesem Projekt drei neue S\u00e4nger\/innen f\u00fcr unsere Chorgemeinschaft als feste Mitglieder gewinnen:<br><\/p>\n\n\n\n<figure class=\"wp-block-gallery has-nested-images columns-default is-cropped wp-block-gallery-1 is-layout-flex wp-block-gallery-is-layout-flex\">\n<figure class=\"wp-block-image size-large is-style-default\"><img loading=\"lazy\" decoding=\"async\" width=\"520\" height=\"597\" data-id=\"614\" src=\"http:\/\/cg-mossautal.de\/wp-content\/uploads\/2025\/06\/G.Kredel.jpg\" alt=\"\" class=\"wp-image-614\" srcset=\"http:\/\/cg-mossautal.de\/wp-content\/uploads\/2025\/06\/G.Kredel.jpg 520w, http:\/\/cg-mossautal.de\/wp-content\/uploads\/2025\/06\/G.Kredel-261x300.jpg 261w\" sizes=\"auto, (max-width: 520px) 100vw, 520px\" \/><figcaption class=\"wp-element-caption\">Gerd Kredel (Tenor)<\/figcaption><\/figure>\n\n\n\n<figure class=\"wp-block-image size-large\"><img loading=\"lazy\" decoding=\"async\" width=\"440\" height=\"626\" data-id=\"615\" src=\"http:\/\/cg-mossautal.de\/wp-content\/uploads\/2025\/06\/M.Staab_.jpg\" alt=\"\" class=\"wp-image-615\" srcset=\"http:\/\/cg-mossautal.de\/wp-content\/uploads\/2025\/06\/M.Staab_.jpg 440w, http:\/\/cg-mossautal.de\/wp-content\/uploads\/2025\/06\/M.Staab_-211x300.jpg 211w\" sizes=\"auto, (max-width: 440px) 100vw, 440px\" \/><figcaption class=\"wp-element-caption\">Marion Staab (Sopran)<\/figcaption><\/figure>\n\n\n\n<figure class=\"wp-block-image size-large\"><img loading=\"lazy\" decoding=\"async\" width=\"278\" height=\"357\" data-id=\"616\" src=\"http:\/\/cg-mossautal.de\/wp-content\/uploads\/2025\/06\/B.-Walz.jpg\" alt=\"\" class=\"wp-image-616\" srcset=\"http:\/\/cg-mossautal.de\/wp-content\/uploads\/2025\/06\/B.-Walz.jpg 278w, http:\/\/cg-mossautal.de\/wp-content\/uploads\/2025\/06\/B.-Walz-234x300.jpg 234w\" sizes=\"auto, (max-width: 278px) 100vw, 278px\" \/><figcaption class=\"wp-element-caption\">Brigitte Walz-Kelbel (Alt)<\/figcaption><\/figure>\n<\/figure>\n\n\n\n<p>Die Chorgemeinschaft Mossautal 1912 freut sich sehr die neuen Mitglieder zu begr\u00fc\u00dfen. Ihre Begeisterung f\u00fcr unseren Chor ist f\u00fcr die \u00fcbrigen Chormitglieder Ansporn unser K\u00f6nnen zu verbessern. Wir w\u00fcnschen den neuen Chormitgliedern eine tolle Zeit mit uns und hei\u00dfen euch herzlich willkommen. \u00a0<\/p>\n","protected":false},"excerpt":{"rendered":"<p>Erfreulicherweise konnten wir aus diesem Projekt drei neue S\u00e4nger\/innen f\u00fcr unsere Chorgemeinschaft als feste Mitglieder gewinnen: Die Chorgemeinschaft Mossautal 1912 freut sich sehr die neuen Mitglieder zu begr\u00fc\u00dfen. Ihre Begeisterung&#8230; <a class=\"read-more-link\" href=\"http:\/\/cg-mossautal.de\/?p=613\">Read more &raquo;<\/a><\/p>\n","protected":false},"author":1,"featured_media":0,"comment_status":"closed","ping_status":"closed","sticky":false,"template":"","format":"standard","meta":{"footnotes":""},"categories":[5],"tags":[],"class_list":["post-613","post","type-post","status-publish","format-standard","hentry","category-infos"],"_links":{"self":[{"href":"http:\/\/cg-mossautal.de\/index.php?rest_route=\/wp\/v2\/posts\/613","targetHints":{"allow":["GET"]}}],"collection":[{"href":"http:\/\/cg-mossautal.de\/index.php?rest_route=\/wp\/v2\/posts"}],"about":[{"href":"http:\/\/cg-mossautal.de\/index.php?rest_route=\/wp\/v2\/types\/post"}],"author":[{"embeddable":true,"href":"http:\/\/cg-mossautal.de\/index.php?rest_route=\/wp\/v2\/users\/1"}],"replies":[{"embeddable":true,"href":"http:\/\/cg-mossautal.de\/index.php?rest_route=%2Fwp%2Fv2%2Fcomments&post=613"}],"version-history":[{"count":1,"href":"http:\/\/cg-mossautal.de\/index.php?rest_route=\/wp\/v2\/posts\/613\/revisions"}],"predecessor-version":[{"id":617,"href":"http:\/\/cg-mossautal.de\/index.php?rest_route=\/wp\/v2\/posts\/613\/revisions\/617"}],"wp:attachment":[{"href":"http:\/\/cg-mossautal.de\/index.php?rest_route=%2Fwp%2Fv2%2Fmedia&parent=613"}],"wp:term":[{"taxonomy":"category","embeddable":true,"href":"http:\/\/cg-mossautal.de\/index.php?rest_route=%2Fwp%2Fv2%2Fcategories&post=613"},{"taxonomy":"post_tag","embeddable":true,"href":"http:\/\/cg-mossautal.de\/index.php?rest_route=%2Fwp%2Fv2%2Ftags&post=613"}],"curies":[{"name":"wp","href":"https:\/\/api.w.org\/{rel}","templated":true}]}}