{"id":621,"date":"2025-08-16T08:04:14","date_gmt":"2025-08-16T06:04:14","guid":{"rendered":"http:\/\/cg-mossautal.de\/?p=621"},"modified":"2025-08-16T08:04:15","modified_gmt":"2025-08-16T06:04:15","slug":"tagesausflug-der-chorgemeinschaft-nach-wiesbaden","status":"publish","type":"post","link":"http:\/\/cg-mossautal.de\/?p=621","title":{"rendered":"Tagesausflug der Chorgemeinschaft nach Wiesbaden"},"content":{"rendered":"\n<p>Am 2. August unternahmen 39 Mitglieder der Chorgemeinschaft, mit einem Bus der Fa. Wissm\u00fcller, einen Tagesausflug nach Wiesbaden mit einem Besuch im Hessischen Landtag.&nbsp;<\/p>\n\n\n\n<p>Nach einem halbst\u00fcndigen Einf\u00fchrungsvortrag fand eine F\u00fchrung durch das Landtagsgeb\u00e4ude statt, wobei wir sowohl den neuen als auch den alten Teil besichtigen konnten.<\/p>\n\n\n\n<p>Nach der Besichtigung konnten wir mit unserer Landtagsabgeordneten Frau Sandra Funken, die sich extra aus dem Urlaub per Video zugeschaltet hatte, aktuelle politische Themen diskutieren. Ferner gab sie uns auch einen \u00dcberblick \u00fcber ihre t\u00e4gliche Arbeit als Landtagsabgeordnete.&nbsp;<\/p>\n\n\n\n<p>Der Besuch war sehr kurzweilig und wir konnten viel neues Wissen mit nach Hause nehmen.<\/p>\n\n\n\n<p>Danach ging es mit dem Bus weiter bis zur Talstation der Nerobergbahn. Hier hatten alle die M\u00f6glichkeit den Neroberg zu erkunden, bevor es nachmittags weiter ins Brauhaus Castel ging um dort den Tag ausklingen zu lassen.<\/p>\n\n\n\n<figure class=\"wp-block-image size-full\"><img loading=\"lazy\" decoding=\"async\" width=\"720\" height=\"960\" src=\"http:\/\/cg-mossautal.de\/wp-content\/uploads\/2025\/08\/Landtag.jpg\" alt=\"\" class=\"wp-image-622\" srcset=\"http:\/\/cg-mossautal.de\/wp-content\/uploads\/2025\/08\/Landtag.jpg 720w, http:\/\/cg-mossautal.de\/wp-content\/uploads\/2025\/08\/Landtag-225x300.jpg 225w\" sizes=\"auto, (max-width: 720px) 100vw, 720px\" \/><\/figure>\n\n\n\n<figure class=\"wp-block-image size-full\"><img loading=\"lazy\" decoding=\"async\" width=\"906\" height=\"680\" src=\"http:\/\/cg-mossautal.de\/wp-content\/uploads\/2025\/08\/Landtag2.jpg\" alt=\"\" class=\"wp-image-623\" srcset=\"http:\/\/cg-mossautal.de\/wp-content\/uploads\/2025\/08\/Landtag2.jpg 906w, http:\/\/cg-mossautal.de\/wp-content\/uploads\/2025\/08\/Landtag2-300x225.jpg 300w, http:\/\/cg-mossautal.de\/wp-content\/uploads\/2025\/08\/Landtag2-768x576.jpg 768w, http:\/\/cg-mossautal.de\/wp-content\/uploads\/2025\/08\/Landtag2-576x432.jpg 576w\" sizes=\"auto, (max-width: 906px) 100vw, 906px\" \/><\/figure>\n\n\n\n<figure class=\"wp-block-image size-full\"><img loading=\"lazy\" decoding=\"async\" width=\"906\" height=\"680\" src=\"http:\/\/cg-mossautal.de\/wp-content\/uploads\/2025\/08\/Landtag3.1.jpg\" alt=\"\" class=\"wp-image-624\" srcset=\"http:\/\/cg-mossautal.de\/wp-content\/uploads\/2025\/08\/Landtag3.1.jpg 906w, http:\/\/cg-mossautal.de\/wp-content\/uploads\/2025\/08\/Landtag3.1-300x225.jpg 300w, http:\/\/cg-mossautal.de\/wp-content\/uploads\/2025\/08\/Landtag3.1-768x576.jpg 768w, http:\/\/cg-mossautal.de\/wp-content\/uploads\/2025\/08\/Landtag3.1-576x432.jpg 576w\" sizes=\"auto, (max-width: 906px) 100vw, 906px\" \/><\/figure>\n\n\n\n<figure class=\"wp-block-image size-full\"><img loading=\"lazy\" decoding=\"async\" width=\"720\" height=\"960\" src=\"http:\/\/cg-mossautal.de\/wp-content\/uploads\/2025\/08\/ortoth.-Kirche.jpg\" alt=\"\" class=\"wp-image-625\" srcset=\"http:\/\/cg-mossautal.de\/wp-content\/uploads\/2025\/08\/ortoth.-Kirche.jpg 720w, http:\/\/cg-mossautal.de\/wp-content\/uploads\/2025\/08\/ortoth.-Kirche-225x300.jpg 225w\" sizes=\"auto, (max-width: 720px) 100vw, 720px\" \/><\/figure>\n\n\n\n<figure class=\"wp-block-image size-full\"><img loading=\"lazy\" decoding=\"async\" width=\"906\" height=\"680\" src=\"http:\/\/cg-mossautal.de\/wp-content\/uploads\/2025\/08\/Blick-Neroberg.jpg\" alt=\"\" class=\"wp-image-626\" srcset=\"http:\/\/cg-mossautal.de\/wp-content\/uploads\/2025\/08\/Blick-Neroberg.jpg 906w, http:\/\/cg-mossautal.de\/wp-content\/uploads\/2025\/08\/Blick-Neroberg-300x225.jpg 300w, http:\/\/cg-mossautal.de\/wp-content\/uploads\/2025\/08\/Blick-Neroberg-768x576.jpg 768w, http:\/\/cg-mossautal.de\/wp-content\/uploads\/2025\/08\/Blick-Neroberg-576x432.jpg 576w\" sizes=\"auto, (max-width: 906px) 100vw, 906px\" \/><\/figure>\n","protected":false},"excerpt":{"rendered":"<p>Am 2. August unternahmen 39 Mitglieder der Chorgemeinschaft, mit einem Bus der Fa. Wissm\u00fcller, einen Tagesausflug nach Wiesbaden mit einem Besuch im Hessischen Landtag.&nbsp; Nach einem halbst\u00fcndigen Einf\u00fchrungsvortrag fand eine&#8230; <a class=\"read-more-link\" href=\"http:\/\/cg-mossautal.de\/?p=621\">Read more &raquo;<\/a><\/p>\n","protected":false},"author":1,"featured_media":0,"comment_status":"closed","ping_status":"closed","sticky":false,"template":"","format":"standard","meta":{"footnotes":""},"categories":[6,5],"tags":[],"class_list":["post-621","post","type-post","status-publish","format-standard","hentry","category-fotos","category-infos"],"_links":{"self":[{"href":"http:\/\/cg-mossautal.de\/index.php?rest_route=\/wp\/v2\/posts\/621","targetHints":{"allow":["GET"]}}],"collection":[{"href":"http:\/\/cg-mossautal.de\/index.php?rest_route=\/wp\/v2\/posts"}],"about":[{"href":"http:\/\/cg-mossautal.de\/index.php?rest_route=\/wp\/v2\/types\/post"}],"author":[{"embeddable":true,"href":"http:\/\/cg-mossautal.de\/index.php?rest_route=\/wp\/v2\/users\/1"}],"replies":[{"embeddable":true,"href":"http:\/\/cg-mossautal.de\/index.php?rest_route=%2Fwp%2Fv2%2Fcomments&post=621"}],"version-history":[{"count":1,"href":"http:\/\/cg-mossautal.de\/index.php?rest_route=\/wp\/v2\/posts\/621\/revisions"}],"predecessor-version":[{"id":627,"href":"http:\/\/cg-mossautal.de\/index.php?rest_route=\/wp\/v2\/posts\/621\/revisions\/627"}],"wp:attachment":[{"href":"http:\/\/cg-mossautal.de\/index.php?rest_route=%2Fwp%2Fv2%2Fmedia&parent=621"}],"wp:term":[{"taxonomy":"category","embeddable":true,"href":"http:\/\/cg-mossautal.de\/index.php?rest_route=%2Fwp%2Fv2%2Fcategories&post=621"},{"taxonomy":"post_tag","embeddable":true,"href":"http:\/\/cg-mossautal.de\/index.php?rest_route=%2Fwp%2Fv2%2Ftags&post=621"}],"curies":[{"name":"wp","href":"https:\/\/api.w.org\/{rel}","templated":true}]}}